{"id":881,"date":"2008-10-16T10:58:00","date_gmt":"2008-10-16T08:58:00","guid":{"rendered":"http:\/\/juliettecharpentier.fr\/gertrudes\/2008\/10\/16\/oubli-a108940296\/"},"modified":"2008-10-16T10:58:00","modified_gmt":"2008-10-16T08:58:00","slug":"oubli-a108940296","status":"publish","type":"post","link":"https:\/\/juliettecharpentier.fr\/gertrudes\/oubli-a108940296\/","title":{"rendered":"OUBLI"},"content":{"rendered":"<div style=\"text-align: right;\">      <img loading=\"lazy\" decoding=\"async\" src=\"https:\/\/juliettecharpentier.fr\/gertrudes\/wp-content\/uploads\/2016\/04\/W1_s-J01q9BoZmxhyZycGP6bY7U@389x598.jpg\" style=\"margin:3px auto; display:block; clear:both;\" height=\"598\" width=\"389\" alt=\"\"\/> <span style=\"font-size: 8pt;\"><strong><span style=\"font-family: times new roman,times;\">JC<\/span><em><span style=\"font-family: times new roman,times;\">, photographie,<\/span><\/em> <span style=\"font-family: times new roman,times;\">1985.<\/span><\/strong><\/span>   <\/div>\n<p><span style=\"font-size: 18pt;\"><strong><em><span style=\"font-family: times new roman,times;\"><br \/>   L&rsquo;automne d\u00e9j\u00e0 d\u00e9j\u00e0 l&rsquo;automne<br \/>   et c&rsquo;est d\u00e9j\u00e0 l&rsquo;hiver<br \/>   quand le monde se moque du monde<br \/>   que l&rsquo;univers n&rsquo;est qu&rsquo;un mot<br \/>   que l&rsquo;oubli nous guette sentinelle<br \/>   au coin des bois au coin des rues<br \/>   au coin du cr\u00e9puscule et pour demain<br \/>   ou pour un autre jour mais on ne sait pas lequel<br \/>   C&rsquo;est tant mieux ou tant pis tant pis<br \/>   On ne peut jamais savoir l&rsquo;heure exacte<\/p>\n<p><\/span><\/em><\/strong><\/span>   <\/p>\n<div style=\"text-align: right;\">     <span style=\"font-size: 18pt;\"><strong><span style=\"font-size: 10pt;\"><span style=\"font-family: times new roman,times;\">Philippe Soupault,<\/span><\/span> <em><span style=\"font-family: times new roman,times;\"><span style=\"font-size: 10pt;\">Toujours et d\u00e9j\u00e0<\/p>\n<p><\/span><\/span><\/em><\/strong><\/span>   <\/div>\n","protected":false},"excerpt":{"rendered":"<p>JC, photographie, 1985. L&rsquo;automne d\u00e9j\u00e0 d\u00e9j\u00e0 l&rsquo;automne et c&rsquo;est d\u00e9j\u00e0 l&rsquo;hiver quand le monde se moque du monde que l&rsquo;univers n&rsquo;est qu&rsquo;un mot que l&rsquo;oubli nous guette sentinelle au coin des bois au coin des rues au coin du cr\u00e9puscule et pour demain ou pour un autre jour mais on ne sait pas lequel C&rsquo;est &hellip; <a href=\"https:\/\/juliettecharpentier.fr\/gertrudes\/oubli-a108940296\/\" class=\"more-link\">Continuer la lecture<span class=\"screen-reader-text\"> de &laquo;&nbsp;OUBLI&nbsp;&raquo;<\/span><\/a><\/p>\n","protected":false},"author":3,"featured_media":0,"comment_status":"open","ping_status":"open","sticky":false,"template":"","format":"standard","meta":{"footnotes":""},"categories":[186],"tags":[],"class_list":["post-881","post","type-post","status-publish","format-standard","hentry","category-ombres"],"post_mailing_queue_ids":[],"_links":{"self":[{"href":"https:\/\/juliettecharpentier.fr\/gertrudes\/wp-json\/wp\/v2\/posts\/881","targetHints":{"allow":["GET"]}}],"collection":[{"href":"https:\/\/juliettecharpentier.fr\/gertrudes\/wp-json\/wp\/v2\/posts"}],"about":[{"href":"https:\/\/juliettecharpentier.fr\/gertrudes\/wp-json\/wp\/v2\/types\/post"}],"author":[{"embeddable":true,"href":"https:\/\/juliettecharpentier.fr\/gertrudes\/wp-json\/wp\/v2\/users\/3"}],"replies":[{"embeddable":true,"href":"https:\/\/juliettecharpentier.fr\/gertrudes\/wp-json\/wp\/v2\/comments?post=881"}],"version-history":[{"count":0,"href":"https:\/\/juliettecharpentier.fr\/gertrudes\/wp-json\/wp\/v2\/posts\/881\/revisions"}],"wp:attachment":[{"href":"https:\/\/juliettecharpentier.fr\/gertrudes\/wp-json\/wp\/v2\/media?parent=881"}],"wp:term":[{"taxonomy":"category","embeddable":true,"href":"https:\/\/juliettecharpentier.fr\/gertrudes\/wp-json\/wp\/v2\/categories?post=881"},{"taxonomy":"post_tag","embeddable":true,"href":"https:\/\/juliettecharpentier.fr\/gertrudes\/wp-json\/wp\/v2\/tags?post=881"}],"curies":[{"name":"wp","href":"https:\/\/api.w.org\/{rel}","templated":true}]}}