{"id":883,"date":"2009-06-03T00:00:00","date_gmt":"2009-06-02T22:00:00","guid":{"rendered":"http:\/\/juliettecharpentier.fr\/gertrudes\/2009\/06\/03\/par-les-celibataires-m-aiment-a108940534\/"},"modified":"2009-06-03T00:00:00","modified_gmt":"2009-06-02T22:00:00","slug":"par-les-celibataires-m-aiment-a108940534","status":"publish","type":"post","link":"https:\/\/juliettecharpentier.fr\/gertrudes\/par-les-celibataires-m-aiment-a108940534\/","title":{"rendered":".. &#8230;&#8230; &#8230;. . .. par les c\u00e9libataires m&rsquo;aiment."},"content":{"rendered":"<div style=\"text-align: center;\">     <span style=\"font-family: arial black,avant garde;\"><strong><span style=\"font-size: 24pt;\"><br \/>     Sous un pr\u00e9texte<\/span><\/strong><\/span><br \/>     <span style=\"font-family: arial black,avant garde;\"><strong><span style=\"font-size: 24pt;\">GERTRUDEUX<\/span><\/strong><\/span><br \/>     <span style=\"font-family: arial black,avant garde;\"><strong><span style=\"font-size: 24pt;\">Le Capitaine trouve une dix-septi\u00e8me raison<\/span><\/strong><\/span><br \/>     <span style=\"font-family: arial black,avant garde;\"><strong><span style=\"font-size: 24pt;\">de se mettre \u00e0 nu.<\/span><\/strong><\/span><\/p>\n<p>   <\/div>\n<p>   <\/p>\n<div style=\"text-align: right;\">      <img loading=\"lazy\" decoding=\"async\" src=\"https:\/\/juliettecharpentier.fr\/gertrudes\/wp-content\/uploads\/2016\/04\/14MNaKVq_bop7VzBNs5YmqQWxsE@529x346.jpg\" style=\"margin:3px auto; display:block; clear:both;\" height=\"346\" width=\"529\" alt=\"\"\/> <span style=\"font-family: times new roman,times;\"><span style=\"font-size: 8pt;\">Juliette     Charpentier, <em>autoportrait photographique<\/em>, 1982<\/p>\n<p><\/span><\/span>     <\/p>\n<div style=\"text-align: center;\">       <span style=\"font-size: 14pt;\"><span style=\"font-family: times new roman,times;\"><span style=\"font-family: arial black,avant garde;\"><strong>Cela fait dix sept mois que <span style=\"text-decoration: underline;\"><a href=\"https:\/\/juliettecharpentier.fr\/gertrudes\">Gertrude<\/a><\/span> est en ligne<\/strong><\/span><\/span><\/span><\/p><\/div>\n<\/p><\/div>\n","protected":false},"excerpt":{"rendered":"<p>Sous un pr\u00e9texte GERTRUDEUX Le Capitaine trouve une dix-septi\u00e8me raison de se mettre \u00e0 nu. Juliette Charpentier, autoportrait photographique, 1982 Cela fait dix sept mois que Gertrude est en ligne<\/p>\n","protected":false},"author":3,"featured_media":0,"comment_status":"open","ping_status":"open","sticky":false,"template":"","format":"standard","meta":{"footnotes":""},"categories":[194],"tags":[],"class_list":["post-883","post","type-post","status-publish","format-standard","hentry","category-noir-autoportrait"],"post_mailing_queue_ids":[],"_links":{"self":[{"href":"https:\/\/juliettecharpentier.fr\/gertrudes\/wp-json\/wp\/v2\/posts\/883","targetHints":{"allow":["GET"]}}],"collection":[{"href":"https:\/\/juliettecharpentier.fr\/gertrudes\/wp-json\/wp\/v2\/posts"}],"about":[{"href":"https:\/\/juliettecharpentier.fr\/gertrudes\/wp-json\/wp\/v2\/types\/post"}],"author":[{"embeddable":true,"href":"https:\/\/juliettecharpentier.fr\/gertrudes\/wp-json\/wp\/v2\/users\/3"}],"replies":[{"embeddable":true,"href":"https:\/\/juliettecharpentier.fr\/gertrudes\/wp-json\/wp\/v2\/comments?post=883"}],"version-history":[{"count":0,"href":"https:\/\/juliettecharpentier.fr\/gertrudes\/wp-json\/wp\/v2\/posts\/883\/revisions"}],"wp:attachment":[{"href":"https:\/\/juliettecharpentier.fr\/gertrudes\/wp-json\/wp\/v2\/media?parent=883"}],"wp:term":[{"taxonomy":"category","embeddable":true,"href":"https:\/\/juliettecharpentier.fr\/gertrudes\/wp-json\/wp\/v2\/categories?post=883"},{"taxonomy":"post_tag","embeddable":true,"href":"https:\/\/juliettecharpentier.fr\/gertrudes\/wp-json\/wp\/v2\/tags?post=883"}],"curies":[{"name":"wp","href":"https:\/\/api.w.org\/{rel}","templated":true}]}}