{"id":885,"date":"2008-12-18T19:08:00","date_gmt":"2008-12-18T18:08:00","guid":{"rendered":"http:\/\/juliettecharpentier.fr\/gertrudes\/2008\/12\/18\/pas-de-non-retour-a108940352\/"},"modified":"2008-12-18T19:08:00","modified_gmt":"2008-12-18T18:08:00","slug":"pas-de-non-retour-a108940352","status":"publish","type":"post","link":"https:\/\/juliettecharpentier.fr\/gertrudes\/pas-de-non-retour-a108940352\/","title":{"rendered":"Pas de Non-Retour."},"content":{"rendered":"<div style=\"text-align: center;\">     <span style=\"font-size: 24pt;\"><span style=\"font-size: 36pt;\"><strong><span style=\"font-family: arial black,avant garde;\">Le Fleuve Obscur<\/span><\/strong><\/span><br \/>     <strong><span style=\"font-family: arial black,avant garde;\">au Pas<\/span><\/strong><br \/>     <strong><span style=\"font-family: arial black,avant garde;\">Franchi<\/p>\n<p><\/span><\/strong><\/span>   <\/div>\n<div style=\"text-align: right;\">      <img loading=\"lazy\" decoding=\"async\" src=\"https:\/\/juliettecharpentier.fr\/gertrudes\/wp-content\/uploads\/2016\/04\/ecKQw43vzEjFgYmgahu9NrxSDvI@598x216.jpg\" style=\"margin:3px auto; display:block; clear:both;\" height=\"216\" width=\"598\" alt=\"\"\/> <strong><span style=\"font-size: 8pt;\"><strong>JC<em>,     Passerelle des Arts,<\/em> 1998,<\/strong><\/span><br \/><\/strong>   <\/div>\n<div style=\"text-align: right;\">     <strong><span style=\"font-size: 8pt;\"><strong>&nbsp;Photographie noir et blanc,<\/strong><\/span><br \/>     <span style=\"font-size: 8pt;\"><strong>Appareil \u00e0 st\u00e9nop\u00e9 , p\u00e9rigraphie cylindrique.<\/strong><\/span><\/strong><\/p><\/div>\n","protected":false},"excerpt":{"rendered":"<p>Le Fleuve Obscur au Pas Franchi JC, Passerelle des Arts, 1998, &nbsp;Photographie noir et blanc, Appareil \u00e0 st\u00e9nop\u00e9 , p\u00e9rigraphie cylindrique.<\/p>\n","protected":false},"author":3,"featured_media":0,"comment_status":"open","ping_status":"open","sticky":false,"template":"","format":"standard","meta":{"footnotes":""},"categories":[187],"tags":[],"class_list":["post-885","post","type-post","status-publish","format-standard","hentry","category-camera-obscura"],"post_mailing_queue_ids":[],"_links":{"self":[{"href":"https:\/\/juliettecharpentier.fr\/gertrudes\/wp-json\/wp\/v2\/posts\/885","targetHints":{"allow":["GET"]}}],"collection":[{"href":"https:\/\/juliettecharpentier.fr\/gertrudes\/wp-json\/wp\/v2\/posts"}],"about":[{"href":"https:\/\/juliettecharpentier.fr\/gertrudes\/wp-json\/wp\/v2\/types\/post"}],"author":[{"embeddable":true,"href":"https:\/\/juliettecharpentier.fr\/gertrudes\/wp-json\/wp\/v2\/users\/3"}],"replies":[{"embeddable":true,"href":"https:\/\/juliettecharpentier.fr\/gertrudes\/wp-json\/wp\/v2\/comments?post=885"}],"version-history":[{"count":0,"href":"https:\/\/juliettecharpentier.fr\/gertrudes\/wp-json\/wp\/v2\/posts\/885\/revisions"}],"wp:attachment":[{"href":"https:\/\/juliettecharpentier.fr\/gertrudes\/wp-json\/wp\/v2\/media?parent=885"}],"wp:term":[{"taxonomy":"category","embeddable":true,"href":"https:\/\/juliettecharpentier.fr\/gertrudes\/wp-json\/wp\/v2\/categories?post=885"},{"taxonomy":"post_tag","embeddable":true,"href":"https:\/\/juliettecharpentier.fr\/gertrudes\/wp-json\/wp\/v2\/tags?post=885"}],"curies":[{"name":"wp","href":"https:\/\/api.w.org\/{rel}","templated":true}]}}