{"id":924,"date":"2009-08-13T20:34:00","date_gmt":"2009-08-13T18:34:00","guid":{"rendered":"http:\/\/juliettecharpentier.fr\/gertrudes\/2009\/08\/13\/souvenir-de-vacances-a108940726\/"},"modified":"2009-08-13T20:34:00","modified_gmt":"2009-08-13T18:34:00","slug":"souvenir-de-vacances-a108940726","status":"publish","type":"post","link":"https:\/\/juliettecharpentier.fr\/gertrudes\/souvenir-de-vacances-a108940726\/","title":{"rendered":"Souvenir de Vacances"},"content":{"rendered":"<div style=\"text-align: center;\">     <span style=\"font-size: 24pt;\"><span style=\"font-family: arial black,avant garde;\"><br \/>     Oc\u00e9an Originel<\/span><br \/>     <span style=\"font-family: arial black,avant garde;\">sans forme d&rsquo;originalit\u00e9<\/p>\n<p><\/span><\/span>   <\/div>\n<p>   <\/p>\n<div style=\"text-align: right;\">      <img loading=\"lazy\" decoding=\"async\" src=\"https:\/\/juliettecharpentier.fr\/gertrudes\/wp-content\/uploads\/2016\/04\/AHBpGBIE9r2MaHKw5meIIh4yIYI@432x314.jpg\" style=\"margin:3px auto; display:block; clear:both;\" height=\"314\" width=\"432\" alt=\"\"\/> <span style=\"font-size: 8pt;\"><span style=\"font-family: times new roman,times;\"><strong>JC \u00e0 dix     ans, photo Pierre Charpentier<\/strong><\/span><\/span><\/p><\/div>\n","protected":false},"excerpt":{"rendered":"<p>Oc\u00e9an Originel sans forme d&rsquo;originalit\u00e9 JC \u00e0 dix ans, photo Pierre Charpentier<\/p>\n","protected":false},"author":3,"featured_media":0,"comment_status":"open","ping_status":"open","sticky":false,"template":"","format":"standard","meta":{"footnotes":""},"categories":[135],"tags":[],"class_list":["post-924","post","type-post","status-publish","format-standard","hentry","category-memoire-de-gertrude"],"post_mailing_queue_ids":[],"_links":{"self":[{"href":"https:\/\/juliettecharpentier.fr\/gertrudes\/wp-json\/wp\/v2\/posts\/924","targetHints":{"allow":["GET"]}}],"collection":[{"href":"https:\/\/juliettecharpentier.fr\/gertrudes\/wp-json\/wp\/v2\/posts"}],"about":[{"href":"https:\/\/juliettecharpentier.fr\/gertrudes\/wp-json\/wp\/v2\/types\/post"}],"author":[{"embeddable":true,"href":"https:\/\/juliettecharpentier.fr\/gertrudes\/wp-json\/wp\/v2\/users\/3"}],"replies":[{"embeddable":true,"href":"https:\/\/juliettecharpentier.fr\/gertrudes\/wp-json\/wp\/v2\/comments?post=924"}],"version-history":[{"count":0,"href":"https:\/\/juliettecharpentier.fr\/gertrudes\/wp-json\/wp\/v2\/posts\/924\/revisions"}],"wp:attachment":[{"href":"https:\/\/juliettecharpentier.fr\/gertrudes\/wp-json\/wp\/v2\/media?parent=924"}],"wp:term":[{"taxonomy":"category","embeddable":true,"href":"https:\/\/juliettecharpentier.fr\/gertrudes\/wp-json\/wp\/v2\/categories?post=924"},{"taxonomy":"post_tag","embeddable":true,"href":"https:\/\/juliettecharpentier.fr\/gertrudes\/wp-json\/wp\/v2\/tags?post=924"}],"curies":[{"name":"wp","href":"https:\/\/api.w.org\/{rel}","templated":true}]}}